{"id":358,"date":"2019-11-20T15:51:54","date_gmt":"2019-11-20T14:51:54","guid":{"rendered":"http:\/\/blog.d-b.lu\/de-buedemleer-became-the-first-tarkett-restart-partner-in-luxembourg\/"},"modified":"2022-05-03T13:56:41","modified_gmt":"2022-05-03T11:56:41","slug":"de-buedemleer-ist-der-erste-tarkett-restart-partner-in-luxemburg","status":"publish","type":"post","link":"https:\/\/blog.d-b.lu\/de\/de-buedemleer-ist-der-erste-tarkett-restart-partner-in-luxemburg\/","title":{"rendered":"de Buedemle\u00ebr ist der erste Tarkett ReStart\u00ae Partner in Luxemburg"},"content":{"rendered":"<section class=\"wpb-content-wrapper\"><p>[vc_section full_width=&#8220;stretch_row&#8220; el_id=&#8220;page-head-sec&#8220; css=&#8220;.vc_custom_1646828397001{background-image: url(\/wp-content\/uploads\/2022\/03\/banner.jpg?id=125) !important;}&#8220;][vc_row full_width=&#8220;stretch_row_content_no_spaces&#8220;][vc_column][vc_single_image image=&#8220;125&#8243; img_size=&#8220;full&#8220; alignment=&#8220;center&#8220; el_class=&#8220;no-space-img&#8220;][\/vc_column][\/vc_row][vc_row el_id=&#8220;page-head-wrap&#8220;][vc_column width=&#8220;1\/2&#8243;][vc_column_text el_id=&#8220;page-head-text&#8220; el_class=&#8220;white&#8220;]<\/p>\n<h1>Blog &#8211; de Buedemle\u00ebr<\/h1>\n<h2>Wir haben diesen Blog eingerichtet, um mit Ihnen unsere Leidenschaft f\u00fcr unseren Beruf zu teilen.<\/h2>\n<p>[\/vc_column_text][\/vc_column][vc_column width=&#8220;1\/2&#8243;][\/vc_column][\/vc_row][\/vc_section][vc_section el_id=&#8220;single-post-crumbs&#8220;][\/vc_section][vc_section][vc_row][vc_column][vc_column_text el_id=&#8220;blog-title-wrap&#8220;]<\/p>\n<h1 class=\"upper blog-post-title\">de Buedemle\u00ebr ist der erste Tarkett ReStart\u00ae Partner in Luxemburg<\/h1>\n<p>20. November 2019[\/vc_column_text][vc_column_text el_class=&#8220;big&#8220;]Getreu unseren Werten, zu denen auch der Respekt vor der Umwelt und die Wiederverwertung von Abf\u00e4llen geh\u00f6ren, ist de Buedemle\u00ebr <strong>das erste Unternehmen im Gro\u00dfherzogtum<\/strong>, das Partner des Tarkett Restart\u00ae Programms f\u00fcr Kreislaufwirtschaft und Cradle to Cradle geworden ist[\/vc_column_text][\/vc_column][\/vc_row][vc_row][vc_column][vc_single_image image=&#8220;388&#8243; img_size=&#8220;full&#8220; alignment=&#8220;center&#8220; css=&#8220;.vc_custom_1651578998797{margin-bottom: 0px !important;}&#8220; el_class=&#8220;post-smaller-img&#8220;][\/vc_column][\/vc_row][\/vc_section][vc_section][vc_row][vc_column][vc_column_text]<\/p>\n<h2>Das ReStart\u00ae-Programm in wenigen Worten.<\/h2>\n<p>[\/vc_column_text][vc_column_text]TDas ReStart\u00ae-Sammel- und Recyclingprogramm wurde von dem Bodenbelagshersteller Tarkett ins Leben gerufen. Diese Initiative des franz\u00f6sisch-schwedischen Herstellers setzt hohe Standards f\u00fcr das Design und das Recycling von Teppichen, Teppichfliesen, Vinyl und Linoleum am Ende ihrer Nutzung.<\/p>\n<p>Dieses Programm erm\u00f6glicht es den Kunden der Marke &#8211; darunter auch Buedemle\u00ebr -, eine vollst\u00e4ndige Palette an <strong>recycelbaren und umweltfreundlichen <\/strong>Produkten anzubieten, die f\u00fcr eine ges\u00fcndere Inneneinrichtung sorgen.<br \/>\n[\/vc_column_text][\/vc_column][\/vc_row][vc_row][vc_column width=&#8220;1\/2&#8243;][vc_single_image image=&#8220;146&#8243; img_size=&#8220;full&#8220; alignment=&#8220;center&#8220; css=&#8220;.vc_custom_1647442639015{margin-bottom: 0px !important;}&#8220;][\/vc_column][vc_column width=&#8220;1\/2&#8243;][vc_single_image image=&#8220;149&#8243; img_size=&#8220;full&#8220; alignment=&#8220;center&#8220; css=&#8220;.vc_custom_1647442653389{margin-bottom: 0px !important;}&#8220;][\/vc_column][\/vc_row][\/vc_section][vc_section][vc_row][vc_column][vc_column_text]<\/p>\n<h2>Restart\u00ae ist Teil eines Kreislaufwirtschaftskonzepts.<\/h2>\n<p>[\/vc_column_text][vc_column_text]Tarketts Engagement f\u00fcr die Kreislaufwirtschaft beinhaltet nicht nur die Wiederverwertung der Produktreste, die nach der Verlegung \u00fcbrig bleiben, sondern auch die Wiederverwertung des alten Teppichbodens oder Vinyls (in loser Form) nach der Demontage. Auf diese Weise erhalten diese Bodenbelagsabf\u00e4lle ein zweites Leben.<\/p>\n<p>Tarkett hat f\u00fcr seine Kunden ein Sammel- und Recyclingprogramm eingerichtet, nicht nur f\u00fcr seine eigenen Produkte, sondern auch f\u00fcr Teppichb\u00f6den von konkurrierenden Anbietern. [\/vc_column_text][\/vc_column][\/vc_row][vc_row][vc_column width=&#8220;1\/2&#8243;][vc_single_image image=&#8220;152&#8243; img_size=&#8220;full&#8220; alignment=&#8220;center&#8220; css=&#8220;.vc_custom_1647442758312{margin-bottom: 0px !important;}&#8220;][\/vc_column][vc_column width=&#8220;1\/2&#8243;][vc_single_image image=&#8220;155&#8243; img_size=&#8220;full&#8220; alignment=&#8220;center&#8220; css=&#8220;.vc_custom_1647442839767{margin-bottom: 0px !important;}&#8220;][\/vc_column][\/vc_row][\/vc_section][vc_section][vc_row][vc_column][vc_column_text]<\/p>\n<h2>Restart\u00ae ist auch eine &#8222;Cradle to Cradle&#8220;-Initiative.<\/h2>\n<p>[\/vc_column_text][vc_column_text]&#8220;Cradle to Cradle&#8220;, welches als \u201evon Wiege zu Wiege\u201c \u00fcbersetzt werden kann, ist eine Erweiterung der Kreislaufwirtschaft.<\/p>\n<p>Bei &#8222;Cradle to Cradle&#8220; geht es nicht nur darum, ein optimales Recycling von Materialien und Abfallmanagement zu erm\u00f6glichen, sondern auch darum, die Produkte von ihrer Konzeption an in einer Logik des wirtschaftlichen Managements von Ressourcen und der Wiederverwendung von Materialien zu denken; entweder durch Recycling oder durch R\u00fcckgabe an die Erde als v\u00f6llig sicheres und ungiftiges Produkt. So hat Tarkett eine Reihe von Produkten geschaffen, die keinen Klebstoff ben\u00f6tigen, die frei verlegt werden k\u00f6nnen oder deren Recycling erheblich erleichtert wird.[\/vc_column_text][\/vc_column][\/vc_row][\/vc_section][vc_section][vc_row][vc_column][vc_btn title=&#8220;Kontaktieren Sie uns&#8220; link=&#8220;url:https%3A%2F%2Fwww.d-b.lu%2Fde%2Fkontakt|target:_blank|rel:nofollow&#8220; el_class=&#8220;cta-btn&#8220;][\/vc_column][\/vc_row][\/vc_section]<\/p>\n<\/section>","protected":false},"excerpt":{"rendered":"<p>de Buedemle\u00ebr ist das erste Unternehmen im Gro\u00dfherzogtum, das Partner des Kreislaufwirtschafts- und &#8222;Cradle to Cradle&#8220;-Programms von Tarkett Restart\u00ae geworden ist.<\/p>\n","protected":false},"author":1,"featured_media":142,"comment_status":"closed","ping_status":"closed","sticky":false,"template":"","format":"standard","meta":{"inline_featured_image":false,"footnotes":""},"categories":[25,29],"tags":[],"class_list":["post-358","post","type-post","status-publish","format-standard","has-post-thumbnail","hentry","category-aktuelles","category-okologie"],"yoast_head":"<!-- This site is optimized with the Yoast SEO plugin v20.8 - https:\/\/yoast.com\/wordpress\/plugins\/seo\/ -->\n<title>de Buedemle\u00ebr ist der erste Tarkett ReStart\u00ae Partner in Luxemburg<\/title>\n<meta name=\"description\" content=\"de Buedemle\u00ebr ist das erste Unternehmen im Gro\u00dfherzogtum, das Partner des Kreislaufwirtschafts- und &quot;Cradle to Cradle&quot;-Programms von Tarkett Restart\u00ae geworden ist.\" \/>\n<meta name=\"robots\" content=\"index, follow, max-snippet:-1, max-image-preview:large, max-video-preview:-1\" \/>\n<link rel=\"canonical\" href=\"https:\/\/blog.d-b.lu\/de\/de-buedemleer-ist-der-erste-tarkett-restart-partner-in-luxemburg\/\" \/>\n<meta property=\"og:locale\" content=\"de_DE\" \/>\n<meta property=\"og:type\" content=\"article\" \/>\n<meta property=\"og:title\" content=\"de Buedemle\u00ebr ist der erste Tarkett ReStart\u00ae Partner in Luxemburg\" \/>\n<meta property=\"og:description\" content=\"de Buedemle\u00ebr ist das erste Unternehmen im Gro\u00dfherzogtum, das Partner des Kreislaufwirtschafts- und &quot;Cradle to Cradle&quot;-Programms von Tarkett Restart\u00ae geworden ist.\" \/>\n<meta property=\"og:url\" content=\"https:\/\/blog.d-b.lu\/de\/de-buedemleer-ist-der-erste-tarkett-restart-partner-in-luxemburg\/\" \/>\n<meta property=\"og:site_name\" content=\"De Buedemle\u00ebr\" \/>\n<meta property=\"article:publisher\" content=\"https:\/\/www.facebook.com\/debuedemleer\/\" \/>\n<meta property=\"article:published_time\" content=\"2019-11-20T14:51:54+00:00\" \/>\n<meta property=\"article:modified_time\" content=\"2022-05-03T11:56:41+00:00\" \/>\n<meta property=\"og:image\" content=\"https:\/\/blog.d-b.lu\/wp-content\/uploads\/2022\/03\/BuedMain.jpg\" \/>\n\t<meta property=\"og:image:width\" content=\"400\" \/>\n\t<meta property=\"og:image:height\" content=\"400\" \/>\n\t<meta property=\"og:image:type\" content=\"image\/jpeg\" \/>\n<meta name=\"author\" content=\"BuedemleerAdmin\" \/>\n<meta name=\"twitter:card\" content=\"summary_large_image\" \/>\n<meta name=\"twitter:label1\" content=\"Verfasst von\" \/>\n\t<meta name=\"twitter:data1\" content=\"BuedemleerAdmin\" \/>\n\t<meta name=\"twitter:label2\" content=\"Gesch\u00e4tzte Lesezeit\" \/>\n\t<meta name=\"twitter:data2\" content=\"2\u00a0Minuten\" \/>\n<script type=\"application\/ld+json\" class=\"yoast-schema-graph\">{\"@context\":\"https:\/\/schema.org\",\"@graph\":[{\"@type\":\"WebPage\",\"@id\":\"https:\/\/blog.d-b.lu\/de\/de-buedemleer-ist-der-erste-tarkett-restart-partner-in-luxemburg\/\",\"url\":\"https:\/\/blog.d-b.lu\/de\/de-buedemleer-ist-der-erste-tarkett-restart-partner-in-luxemburg\/\",\"name\":\"de Buedemle\u00ebr ist der erste Tarkett ReStart\u00ae Partner in Luxemburg\",\"isPartOf\":{\"@id\":\"https:\/\/blog.d-b.lu\/#website\"},\"datePublished\":\"2019-11-20T14:51:54+00:00\",\"dateModified\":\"2022-05-03T11:56:41+00:00\",\"author\":{\"@id\":\"https:\/\/blog.d-b.lu\/#\/schema\/person\/87e3c348bf60fdd220c5e87a2fd85951\"},\"description\":\"de Buedemle\u00ebr ist das erste Unternehmen im Gro\u00dfherzogtum, das Partner des Kreislaufwirtschafts- und \\\"Cradle to Cradle\\\"-Programms von Tarkett Restart\u00ae geworden ist.\",\"breadcrumb\":{\"@id\":\"https:\/\/blog.d-b.lu\/de\/de-buedemleer-ist-der-erste-tarkett-restart-partner-in-luxemburg\/#breadcrumb\"},\"inLanguage\":\"de\",\"potentialAction\":[{\"@type\":\"ReadAction\",\"target\":[\"https:\/\/blog.d-b.lu\/de\/de-buedemleer-ist-der-erste-tarkett-restart-partner-in-luxemburg\/\"]}]},{\"@type\":\"BreadcrumbList\",\"@id\":\"https:\/\/blog.d-b.lu\/de\/de-buedemleer-ist-der-erste-tarkett-restart-partner-in-luxemburg\/#breadcrumb\",\"itemListElement\":[{\"@type\":\"ListItem\",\"position\":1,\"name\":\"de Buedemle\u00ebr\",\"item\":\"https:\/\/blog.d-b.lu\/de\/\"},{\"@type\":\"ListItem\",\"position\":2,\"name\":\"de Buedemle\u00ebr ist der erste Tarkett ReStart\u00ae Partner in Luxemburg\"}]},{\"@type\":\"WebSite\",\"@id\":\"https:\/\/blog.d-b.lu\/#website\",\"url\":\"https:\/\/blog.d-b.lu\/\",\"name\":\"De Buedemle\u00ebr\",\"description\":\"\",\"inLanguage\":\"de\"},{\"@type\":\"Person\",\"@id\":\"https:\/\/blog.d-b.lu\/#\/schema\/person\/87e3c348bf60fdd220c5e87a2fd85951\",\"name\":\"BuedemleerAdmin\",\"sameAs\":[\"http:\/\/blog.d-b.lu\"]}]}<\/script>\n<!-- \/ Yoast SEO plugin. -->","yoast_head_json":{"title":"de Buedemle\u00ebr ist der erste Tarkett ReStart\u00ae Partner in Luxemburg","description":"de Buedemle\u00ebr ist das erste Unternehmen im Gro\u00dfherzogtum, das Partner des Kreislaufwirtschafts- und \"Cradle to Cradle\"-Programms von Tarkett Restart\u00ae geworden ist.","robots":{"index":"index","follow":"follow","max-snippet":"max-snippet:-1","max-image-preview":"max-image-preview:large","max-video-preview":"max-video-preview:-1"},"canonical":"https:\/\/blog.d-b.lu\/de\/de-buedemleer-ist-der-erste-tarkett-restart-partner-in-luxemburg\/","og_locale":"de_DE","og_type":"article","og_title":"de Buedemle\u00ebr ist der erste Tarkett ReStart\u00ae Partner in Luxemburg","og_description":"de Buedemle\u00ebr ist das erste Unternehmen im Gro\u00dfherzogtum, das Partner des Kreislaufwirtschafts- und \"Cradle to Cradle\"-Programms von Tarkett Restart\u00ae geworden ist.","og_url":"https:\/\/blog.d-b.lu\/de\/de-buedemleer-ist-der-erste-tarkett-restart-partner-in-luxemburg\/","og_site_name":"De Buedemle\u00ebr","article_publisher":"https:\/\/www.facebook.com\/debuedemleer\/","article_published_time":"2019-11-20T14:51:54+00:00","article_modified_time":"2022-05-03T11:56:41+00:00","og_image":[{"width":400,"height":400,"url":"https:\/\/blog.d-b.lu\/wp-content\/uploads\/2022\/03\/BuedMain.jpg","type":"image\/jpeg"}],"author":"BuedemleerAdmin","twitter_card":"summary_large_image","twitter_misc":{"Verfasst von":"BuedemleerAdmin","Gesch\u00e4tzte Lesezeit":"2\u00a0Minuten"},"schema":{"@context":"https:\/\/schema.org","@graph":[{"@type":"WebPage","@id":"https:\/\/blog.d-b.lu\/de\/de-buedemleer-ist-der-erste-tarkett-restart-partner-in-luxemburg\/","url":"https:\/\/blog.d-b.lu\/de\/de-buedemleer-ist-der-erste-tarkett-restart-partner-in-luxemburg\/","name":"de Buedemle\u00ebr ist der erste Tarkett ReStart\u00ae Partner in Luxemburg","isPartOf":{"@id":"https:\/\/blog.d-b.lu\/#website"},"datePublished":"2019-11-20T14:51:54+00:00","dateModified":"2022-05-03T11:56:41+00:00","author":{"@id":"https:\/\/blog.d-b.lu\/#\/schema\/person\/87e3c348bf60fdd220c5e87a2fd85951"},"description":"de Buedemle\u00ebr ist das erste Unternehmen im Gro\u00dfherzogtum, das Partner des Kreislaufwirtschafts- und \"Cradle to Cradle\"-Programms von Tarkett Restart\u00ae geworden ist.","breadcrumb":{"@id":"https:\/\/blog.d-b.lu\/de\/de-buedemleer-ist-der-erste-tarkett-restart-partner-in-luxemburg\/#breadcrumb"},"inLanguage":"de","potentialAction":[{"@type":"ReadAction","target":["https:\/\/blog.d-b.lu\/de\/de-buedemleer-ist-der-erste-tarkett-restart-partner-in-luxemburg\/"]}]},{"@type":"BreadcrumbList","@id":"https:\/\/blog.d-b.lu\/de\/de-buedemleer-ist-der-erste-tarkett-restart-partner-in-luxemburg\/#breadcrumb","itemListElement":[{"@type":"ListItem","position":1,"name":"de Buedemle\u00ebr","item":"https:\/\/blog.d-b.lu\/de\/"},{"@type":"ListItem","position":2,"name":"de Buedemle\u00ebr ist der erste Tarkett ReStart\u00ae Partner in Luxemburg"}]},{"@type":"WebSite","@id":"https:\/\/blog.d-b.lu\/#website","url":"https:\/\/blog.d-b.lu\/","name":"De Buedemle\u00ebr","description":"","inLanguage":"de"},{"@type":"Person","@id":"https:\/\/blog.d-b.lu\/#\/schema\/person\/87e3c348bf60fdd220c5e87a2fd85951","name":"BuedemleerAdmin","sameAs":["http:\/\/blog.d-b.lu"]}]}},"_links":{"self":[{"href":"https:\/\/blog.d-b.lu\/de\/wp-json\/wp\/v2\/posts\/358","targetHints":{"allow":["GET"]}}],"collection":[{"href":"https:\/\/blog.d-b.lu\/de\/wp-json\/wp\/v2\/posts"}],"about":[{"href":"https:\/\/blog.d-b.lu\/de\/wp-json\/wp\/v2\/types\/post"}],"author":[{"embeddable":true,"href":"https:\/\/blog.d-b.lu\/de\/wp-json\/wp\/v2\/users\/1"}],"replies":[{"embeddable":true,"href":"https:\/\/blog.d-b.lu\/de\/wp-json\/wp\/v2\/comments?post=358"}],"version-history":[{"count":4,"href":"https:\/\/blog.d-b.lu\/de\/wp-json\/wp\/v2\/posts\/358\/revisions"}],"predecessor-version":[{"id":455,"href":"https:\/\/blog.d-b.lu\/de\/wp-json\/wp\/v2\/posts\/358\/revisions\/455"}],"wp:featuredmedia":[{"embeddable":true,"href":"https:\/\/blog.d-b.lu\/de\/wp-json\/wp\/v2\/media\/142"}],"wp:attachment":[{"href":"https:\/\/blog.d-b.lu\/de\/wp-json\/wp\/v2\/media?parent=358"}],"wp:term":[{"taxonomy":"category","embeddable":true,"href":"https:\/\/blog.d-b.lu\/de\/wp-json\/wp\/v2\/categories?post=358"},{"taxonomy":"post_tag","embeddable":true,"href":"https:\/\/blog.d-b.lu\/de\/wp-json\/wp\/v2\/tags?post=358"}],"curies":[{"name":"wp","href":"https:\/\/api.w.org\/{rel}","templated":true}]}}