{"id":579,"date":"2022-06-30T12:43:46","date_gmt":"2022-06-30T10:43:46","guid":{"rendered":"https:\/\/blog.d-b.lu\/?p=579"},"modified":"2022-06-30T12:45:05","modified_gmt":"2022-06-30T10:45:05","slug":"massgeschneiderte-vorhaenge-und-gardinen-die-tipps-unserer-experten","status":"publish","type":"post","link":"https:\/\/blog.d-b.lu\/de\/massgeschneiderte-vorhaenge-und-gardinen-die-tipps-unserer-experten\/","title":{"rendered":"Ma\u00dfgeschneiderte Vorh\u00e4nge und Gardinen: die Tipps unserer Experten"},"content":{"rendered":"<section class=\"wpb-content-wrapper\"><p>[vc_section full_width=&#8220;stretch_row&#8220; el_id=&#8220;page-head-sec&#8220; css=&#8220;.vc_custom_1646828397001{background-image: url(\/wp-content\/uploads\/2022\/03\/banner.jpg?id=125) !important;}&#8220;][vc_row full_width=&#8220;stretch_row_content_no_spaces&#8220;][vc_column][vc_single_image image=&#8220;125&#8243; img_size=&#8220;full&#8220; alignment=&#8220;center&#8220; el_class=&#8220;no-space-img&#8220;][\/vc_column][\/vc_row][vc_row el_id=&#8220;page-head-wrap&#8220;][vc_column width=&#8220;1\/2&#8243;][vc_column_text el_id=&#8220;page-head-text&#8220; el_class=&#8220;white&#8220;]<\/p>\n<h1>Blog &#8211; de Buedemle\u00ebr<\/h1>\n<h2>Wir haben diesen Blog eingerichtet, um mit Ihnen unsere Leidenschaft f\u00fcr unseren Beruf zu teilen.<\/h2>\n<p>[\/vc_column_text][\/vc_column][vc_column width=&#8220;1\/2&#8243;][\/vc_column][\/vc_row][\/vc_section][vc_section el_id=&#8220;single-post-crumbs&#8220;][\/vc_section][vc_section][vc_row][vc_column][vc_column_text el_id=&#8220;blog-title-wrap&#8220;]<\/p>\n<h1 class=\"upper blog-post-title\">Ma\u00dfgeschneiderte Vorh\u00e4nge und Gardinen: die Tipps unserer Experten<\/h1>\n<p>30. Juni 2022[\/vc_column_text][\/vc_column][\/vc_row][\/vc_section][vc_section][vc_row][vc_column][vc_column_text]<strong>Vorh\u00e4nge oder Gardinen<\/strong> spielen eine entscheidende Rolle bei der Dekoration Ihres Hauses, sie k\u00f6nnen leicht eine gew\u00fcnschte Atmosph\u00e4re verst\u00e4rken und so Ihrem Wohlbehagen noch steigern.<\/p>\n<p>Aber die gro\u00dfe Vielfalt an Stoffen, Befestigungen und Ausf\u00fchrungen macht die Wahl des richtigen Vorhangs manchmal schwierig. <\/p>\n<p><strong>Als Spezialisten<\/strong> f\u00fcr die Anfertigung von Vorh\u00e4ngen und Gardinen nach Ma\u00df helfen wir Ihnen in diesem Artikel, sich einen \u00dcberblick \u00fcber die verschiedenen M\u00f6glichkeiten zu verschaffen. Claudine und Monique, unsere Expertinnen f\u00fcr Innenarchitektur, Jalousien, Vorh\u00e4nge und Paravents, stellen Ihnen die am h\u00e4ufigsten nachgefragten Ausf\u00fchrungen von Gardinen und Vorh\u00e4ngen vor. <\/p>\n<p><em>Hinweis: Wenn Sie sich inmitten der Fachbegriffe zu diesem Thema ein wenig verloren f\u00fchlen, laden wir Sie ein, das Mini-W\u00f6rterbuch <a class=\"scroll\" href=\"#lex\">am Ende dieses Artikels<\/a> zu konsultieren.<\/em>[\/vc_column_text][\/vc_column][\/vc_row][vc_row][vc_column][vc_single_image image=&#8220;596&#8243; img_size=&#8220;full&#8220; alignment=&#8220;center&#8220; css=&#8220;.vc_custom_1656582300647{margin-bottom: 0px !important;}&#8220; el_class=&#8220;post-smaller-img&#8220;][\/vc_column][\/vc_row][vc_row][vc_column][vc_column_text]<\/p>\n<h2>Der \u201efl\u00e4mische\u201c Faltenkopft \u2013 ein oberer Abschluss mit eingen\u00e4hten Falten<\/h2>\n<p>Die Konfektion mit fl\u00e4mischem Faltenkopf ist unbestreitbar schick und elegant. Das Prinzip dieser Ausf\u00fchrung besteht darin, in regelm\u00e4\u00dfigen Abst\u00e4nden gen\u00e4hte Falten (einfach, doppelt oder dreifach) zu verteilen, die den Vorhang strukturieren und ihm Relief und Volumen sowie einen gleichm\u00e4\u00dfigen Fall verleihen.<\/p>\n<p>Diese Konfektion kann jede Art von Stoff veredeln, aber je nach Dicke (Vorhang oder Gardine), Verwendungszweck (einfache oder doppelte Vorh\u00e4nge) oder gew\u00fcnschtem Aussehen (modern oder klassisch) m\u00fcssen Sie sich f\u00fcr eine einfache, doppelte oder 3-fache Ausf\u00fchrung entscheiden.<\/p>\n<p><img decoding=\"async\" class=\"post-pointer-icon\" src=\"\/wp-content\/uploads\/2022\/05\/db.png\" \/><em>Je mehr Falten Sie haben, desto mehr Stoff m\u00fcssen Sie verwenden. Ein Vorhang mit zwei oder drei Falten hat mehr F\u00fclle und einen gleichm\u00e4\u00dfigeren Fall.<\/em>[\/vc_column_text][\/vc_column][\/vc_row][vc_row][vc_column][vc_column_text]<\/p>\n<h3>Konfektion mit einer Falte (oder einfacher Falte): f\u00fcr einen moderneren Stil.<\/h3>\n<p>Die Konfektion mit einer einzigen Falte eignet sich f\u00fcr alle Stoffe, insbesondere f\u00fcr die dicksten wie Samt, Black-Out und Verdunkelung, sie passt sehr gut zu modernen R\u00e4umen und R\u00e4umen, in denen Sie eine starke Verdunkelung w\u00fcnschen.[\/vc_column_text][\/vc_column][\/vc_row][vc_row][vc_column][vc_single_image image=&#8220;584&#8243; img_size=&#8220;full&#8220; alignment=&#8220;center&#8220; css=&#8220;.vc_custom_1656582416922{margin-bottom: 0px !important;}&#8220; el_class=&#8220;post-smaller-img&#8220;][vc_column_text el_class=&#8220;al-center&#8220;]<small>Einfacher fl\u00e4mischer Kopf mit Steppung<\/small>[\/vc_column_text][\/vc_column][\/vc_row][vc_row][vc_column][vc_column_text]<\/p>\n<h3>Die zweifach Falte: f\u00fcr einen Hauch von Eleganz und zeitlosem Schick<\/h3>\n<p>Diese Ausf\u00fchrung passt je nach gew\u00e4hltem Stoff sowohl zu klassischen als auch zu modernen Innenr\u00e4umen. Die zweilagige Ausf\u00fchrung erm\u00f6glicht die Verwendung aller Arten von Stoffen, von den feinsten bis zu Verdunklungs Stoffen.[\/vc_column_text][\/vc_column][\/vc_row][vc_row][vc_column][vc_single_image image=&#8220;581&#8243; img_size=&#8220;full&#8220; alignment=&#8220;center&#8220; css=&#8220;.vc_custom_1656582517430{margin-bottom: 0px !important;}&#8220; el_class=&#8220;post-smaller-img&#8220;][\/vc_column][\/vc_row][vc_row][vc_column][vc_column_text]<\/p>\n<h3>Die Dreifachfalte: f\u00fcr anspruchsvolle und klassische Atmosph\u00e4ren<\/h3>\n<p>Die Hinzuf\u00fcgung einer dritten Falte verst\u00e4rkt die Wirkung des Volumens und verbessert den Fall des Stoffes. Diese Ausf\u00fchrung ist nicht f\u00fcr dickere Stoffe wie Samt, Verdunkelungsstoffe und Blackout geeignet.[\/vc_column_text][\/vc_column][\/vc_row][vc_row][vc_column][vc_single_image image=&#8220;587&#8243; img_size=&#8220;full&#8220; alignment=&#8220;center&#8220; css=&#8220;.vc_custom_1656582560061{margin-bottom: 0px !important;}&#8220; el_class=&#8220;post-smaller-img&#8220;][\/vc_column][\/vc_row][vc_row][vc_column][vc_column_text]<img decoding=\"async\" class=\"post-pointer-icon\" src=\"\/wp-content\/uploads\/2022\/05\/db.png\" \/><em>Nutzen Sie die geringe Tiefe der Faltenk\u00f6pfe, um einen Gardine mit einem Vorhang zu kombinieren. Auf diese Weise k\u00f6nnen Sie mit Ihrem Vorhang einen dekorativen Akzent setzen und gleichzeitig ein intimes Gef\u00fchl bewahren, wenn dieser weit ge\u00f6ffnet ist.<\/em>[\/vc_column_text][\/vc_column][\/vc_row][vc_row][vc_column][vc_column_text]<\/p>\n<h2>&#8222;Wave&#8220;- das Wellenband<\/h2>\n<p>Die &#8222;Wave&#8220;-Ausf\u00fchrung wird im Allgemeinen als moderner angesehen als der fl\u00e4mische Faltenkopf. Wellenvorh\u00e4nge und -Gardinen verleihen dem Stoff F\u00fclle indem elegante und gleichm\u00e4\u00dfige Wellen erzeugt werden, welche sich nach jeder Handhabung von der Decke bis zum Boden tadellos zur\u00fcckbilden.[\/vc_column_text][\/vc_column][\/vc_row][vc_row][vc_column][vc_single_image image=&#8220;599&#8243; img_size=&#8220;full&#8220; alignment=&#8220;center&#8220; css=&#8220;.vc_custom_1656582636929{margin-bottom: 0px !important;}&#8220; el_class=&#8220;post-smaller-img&#8220;][vc_column_text el_class=&#8220;al-center&#8220;]<small>Wave avec tringle \u00e0 rideau \u00ab SAIL \u00bb de la marque Interstil<\/small>[\/vc_column_text][\/vc_column][\/vc_row][vc_row][vc_column][vc_column_text]<img decoding=\"async\" class=\"post-pointer-icon\" src=\"\/wp-content\/uploads\/2022\/05\/db.png\" \/><em><strong>Achtung<\/strong>: Ein Wellenband braucht viel Platz, da man mindestens eine Tiefe von 20 cm ben\u00f6tigt, um diese Art von Ausf\u00fchrung anbringen zu k\u00f6nnen. Er eignet sich daher nicht immer f\u00fcr zu enge R\u00e4ume.<\/em><\/p>\n<p>Die Regelm\u00e4\u00dfigkeit zwischen den &#8222;Wellen&#8220; kommt daher, dass die Gleiter der Vorh\u00e4nge durch eine Schnur miteinander verbunden sind, was einen perfekten Abstand der Wellen und einen sehr regelm\u00e4\u00dfigen und sauberen Fall gew\u00e4hrleistet.[\/vc_column_text][\/vc_column][\/vc_row][vc_row][vc_column][vc_column_text]<\/p>\n<h2>Die Unterkante<\/h2>\n<p>Normalerweise werden Vorh\u00e4nge am unteren Ende mit S\u00e4umen gen\u00e4ht, so dass Sie sich um dieses Detail keine Sorgen machen m\u00fcssen.<\/p>\n<p><img decoding=\"async\" class=\"post-pointer-icon\" src=\"\/wp-content\/uploads\/2022\/05\/db.png\" \/><em>Ein kleiner Tipp f\u00fcr Gardinen: Entscheiden Sie sich f\u00fcr einen Stoff, der vom Hersteller am unteren Ende mit einem Bleifaden beschwert ist. Die Verarbeitung ist dann feiner und der Fall hat eine bessere optische Wirkung.<\/em>[\/vc_column_text][\/vc_column][\/vc_row][vc_row][vc_column width=&#8220;1\/2&#8243;][vc_single_image image=&#8220;590&#8243; img_size=&#8220;full&#8220; alignment=&#8220;center&#8220; css=&#8220;.vc_custom_1656582865302{margin-bottom: 0px !important;}&#8220; el_class=&#8220;post-smaller-img&#8220;][vc_column_text el_class=&#8220;al-center&#8220;]<small>Unterer Abschluss mit Saum<\/small>[\/vc_column_text][\/vc_column][vc_column width=&#8220;1\/2&#8243;][vc_single_image image=&#8220;593&#8243; img_size=&#8220;full&#8220; alignment=&#8220;center&#8220; css=&#8220;.vc_custom_1656582888978{margin-bottom: 0px !important;}&#8220; el_class=&#8220;post-smaller-img&#8220;][vc_column_text el_class=&#8220;al-center&#8220;]<small>Unterer Abschluss mit Blei-band<\/small>[\/vc_column_text][\/vc_column][\/vc_row][vc_row][vc_column][vc_column_text]<\/p>\n<h2>Befestigung: Schienen oder Stangen?<\/h2>\n<p>Sie sind fast am Ende Ihrer Reise angelangt &#8211; Sie m\u00fcssen noch eine letzte Entscheidung treffen: die Art der Befestigung.<\/p>\n<p><strong>Die einfache Schiene<\/strong>: Sie wird immer an der Decke befestigt und ist im Allgemeinen wei\u00df, wie die meisten Decken. Schienen sind eher schlicht und unauff\u00e4llig.<\/p>\n<p><strong>Die Stange (oder die dekorative Schiene)<\/strong>: Sie ist ein eigenst\u00e4ndiges Element Ihrer Dekoration, auch hier sind verschiedene Stile (modern, zeitgen\u00f6ssisch oder klassisch), verschiedene Formen und Farben (Edelstahl, Aluminium, schwarz, wei\u00df, anthrazit, Messing, Bronze, Stahl, &#8230;) m\u00f6glich.<br \/>\n[\/vc_column_text][\/vc_column][\/vc_row][vc_row][vc_column][vc_single_image image=&#8220;602&#8243; img_size=&#8220;full&#8220; alignment=&#8220;center&#8220; css=&#8220;.vc_custom_1656582959524{margin-bottom: 0px !important;}&#8220; el_class=&#8220;post-smaller-img&#8220;][vc_column_text el_class=&#8220;al-center&#8220;]<small>Vorhangstange &#8222;Sinus&#8220; in der Farbe Messing<\/small>[\/vc_column_text][\/vc_column][\/vc_row][vc_row][vc_column width=&#8220;1\/2&#8243;][vc_single_image image=&#8220;608&#8243; img_size=&#8220;full&#8220; alignment=&#8220;center&#8220; css=&#8220;.vc_custom_1656583031736{margin-bottom: 0px !important;}&#8220; el_class=&#8220;post-smaller-img&#8220;][\/vc_column][vc_column width=&#8220;1\/2&#8243;][vc_single_image image=&#8220;614&#8243; img_size=&#8220;full&#8220; alignment=&#8220;center&#8220; css=&#8220;.vc_custom_1656583160378{margin-bottom: 0px !important;}&#8220; el_class=&#8220;post-smaller-img&#8220;][\/vc_column][\/vc_row][vc_row][vc_column][vc_column_text]<\/p>\n<h2>Fazit<\/h2>\n<p>Materialien, Abmessungen, Farben, Ausf\u00fchrungen &#8230; es gibt viele Parameter, die bei der Auswahl Ihrer Vorh\u00e4nge und Gardinen zu ber\u00fccksichtigen sind, und es ist sehr leicht, wenn Sie kein Spezialist sind, eine ungeeignete Kombination zu w\u00e4hlen.<\/p>\n<p>Deshalb bieten wir eine <strong>ma\u00dfgeschneiderte Beratung <\/strong>und noch mehr.<\/p>\n<p><strong>Sie z\u00f6gern zwischen verschiedenen Stoffarten<\/strong>? Dann kommen Sie doch einfach zu uns und sehen Sie sich die vielen Stoffmuster an, die in unserem Showroom zur Verf\u00fcgung stehen. Bei diesem Besuch k\u00f6nnen Sie auch die verschiedenen Arten von Schienen und Gardinenstangen kennen lernen und sich \u00fcber die richtige Ausf\u00fchrung beraten lassen.<\/p>\n<p><strong>Sie wissen nicht, wie Sie die Ma\u00dfe nehmen sollen<\/strong>?  Kein Problem! <strong>Wir kommen zu Ihnen nach Hause<\/strong>, um auszumessen. Auf diese Weise k\u00f6nnen wir auch die Atmosph\u00e4re Ihrer Wohnung erkunden, um Sie noch besser beraten zu k\u00f6nnen.<\/p>\n<p><strong>Sie wissen nicht, wie man sie montiert<\/strong>? Ja, okay, wir sind Fu\u00dfbodenleger (f\u00fcr die Nicht-Luxemburger: de Buedemle\u00ebr bedeutet &#8222;Fu\u00dfbodenleger&#8220;), aber wir sind auch Monteure von Gardinen, Sonnenschutz und Fliegengittern!<\/p>\n<p><strong>Wer stellt meine Gardinen her<\/strong>? Unsere ma\u00dfgefertigten Gardinen werden von erfahrenen Partnerhandwerkern handgefertigt.<\/p>\n<p><strong>Wie pflege ich meine Gardinen<\/strong>? Auch darum k\u00fcmmern wir uns! Wir holen die Gardinen vor Ort ab und bringen Sie ins unsere Partnerreinigung und h\u00e4ngen sie anschlie\u00dfend auch wieder auf.<\/p>\n<p><img decoding=\"async\" class=\"post-pointer-icon\" src=\"\/wp-content\/uploads\/2022\/05\/db.png\" \/><em>Achtung, dieser Service ist unseren Kunden vorbehalten, deren Stoffe, deren Zusammensetzung und deren Reinigungsbedarf wir kennen.<\/em>[\/vc_column_text][\/vc_column][\/vc_row][vc_row el_id=&#8220;lex&#8220;][vc_column][vc_column_text]<\/p>\n<h2>Kleines Lexikon zum besseren Verst\u00e4ndnis von Fachbegriffen.<\/h2>\n<p><u>Vorhang \/ Gardinen<\/u>: Werden oft als Synonym benutzt, wenn wann vom Sammelbegriff f\u00fcr die verschiedenen Arten von Vorh\u00e4ngen und Gardinen spricht.  Damit meint man ein bewegliches St\u00fcck Stoff, das nach Belieben vor eine \u00d6ffnung aufgeh\u00e4ngt werden kann, um den Tag abzuschirmen oder abzufangen, vor Blicken zu sch\u00fctzen, vor K\u00e4lte und L\u00e4rm zu isolieren. <\/p>\n<p><u>Gardinen<\/u>: im Prinzip mit transparentem und eher schlichtem Stoff.<\/p>\n<p><u>Vorhang<\/u>: Vorh\u00e4nge verwenden einem dickeren \/ schweren Stoff, sie k\u00f6nnen halbtransparent, blickdicht oder verdunkelnd sein. Sie werden oft verwendet, um eine dekorative Note mit m\u00f6glicherweise kr\u00e4ftigeren Farben und \/ oder Mustern hinzuzuf\u00fcgen.<\/p>\n<p><u>Ein Paar Vorh\u00e4nge<\/u>: Hierbei handelt es sich um zwei Stoffst\u00fccke, die vor einem Fenster angebracht werden. Wenn Sie Ihren Vorhang \u00f6ffnen, haben Sie auf jeder Seite einen Streifen Stoff.<\/p>\n<p><u>Einteilig<\/u>: Ein Vorhang oder eine Gardine, der\/die aus einem einzigen St\u00fcck Stoff besteht. Nicht geeignet f\u00fcr gro\u00dfe Fensterfronten. Zu sperrig f\u00fcr die Reinigung und ein zu dickes Paket, wenn der Stoff einmal zur Seite geschoben wird.<\/p>\n<p><u>Zugabe<\/u>: Eine Breite von 2,2 bedeutet, dass f\u00fcr einen Vorhang, der einen Meter breit ist, 2,2 Meter Stoff verwendet wurden.<\/p>\n<p><u>Stoff 140cm<\/u>: Fr\u00fcher hatten alle Stoffe eine Breite von 140 cm. Bei dieser Breite werden mehrere Stoffstreifen ben\u00f6tigt, um Ihre Fenster zu bedecken. <\/p>\n<p><u>Stoff mit gro\u00dfer Breite<\/u>: Seitdem es Stoffe mit einer Breite von 280-300 cm gibt, wird die Anzahl der f\u00fcr die Herstellung Ihrer Vorh\u00e4nge ben\u00f6tigten Streifen erheblich reduziert.<\/p>\n<p><u>Raumhoch<\/u>: Stoffe mit einer H\u00f6he von 280-320 cm. Keine vertikalen N\u00e4hte mehr zwischen den einzelnen Streifen. Dieses Format ist ideal f\u00fcr die Wellenverarbeitung.[\/vc_column_text][\/vc_column][\/vc_row][\/vc_section][vc_section][vc_row][vc_column][vc_btn title=&#8220;Weitere Infos&#8220; link=&#8220;url:https%3A%2F%2Fwww.d-b.lu%2Fde%2Fsonnenschutz%2Fgardinen-und-vorhaenge|target:_blank|rel:nofollow&#8220; el_class=&#8220;cta-btn&#8220;][\/vc_column][\/vc_row][\/vc_section]<\/p>\n<\/section>","protected":false},"excerpt":{"rendered":"<p>Claudine und Monique, unsere Expertinnen f\u00fcr Innenarchitektur, Jalousien, Vorh\u00e4nge und Paravents, stellen die am meisten nachgefragten Ausf\u00fchrungen von Gardinen und Vorh\u00e4ngen vor. <\/p>\n","protected":false},"author":1,"featured_media":613,"comment_status":"closed","ping_status":"closed","sticky":false,"template":"","format":"standard","meta":{"inline_featured_image":false,"footnotes":""},"categories":[33],"tags":[],"class_list":["post-579","post","type-post","status-publish","format-standard","has-post-thumbnail","hentry","category-sonnenschutz"],"yoast_head":"<!-- This site is optimized with the Yoast SEO plugin v20.8 - https:\/\/yoast.com\/wordpress\/plugins\/seo\/ -->\n<title>Ma\u00dfgeschneiderte Vorh\u00e4nge und Gardinen: die Tipps unserer Experten | de Buedemle\u00ebr<\/title>\n<meta name=\"description\" content=\"Claudine und Monique, unsere Expertinnen f\u00fcr Innenarchitektur, Jalousien, Vorh\u00e4nge und Paravents, stellen die am meisten nachgefragten Ausf\u00fchrungen von Gardinen und Vorh\u00e4ngen vor.\" \/>\n<meta name=\"robots\" content=\"index, follow, max-snippet:-1, max-image-preview:large, max-video-preview:-1\" \/>\n<link rel=\"canonical\" href=\"https:\/\/blog.d-b.lu\/de\/massgeschneiderte-vorhaenge-und-gardinen-die-tipps-unserer-experten\/\" \/>\n<meta property=\"og:locale\" content=\"de_DE\" \/>\n<meta property=\"og:type\" content=\"article\" \/>\n<meta property=\"og:title\" content=\"Ma\u00dfgeschneiderte Vorh\u00e4nge und Gardinen: die Tipps unserer Experten | de Buedemle\u00ebr\" \/>\n<meta property=\"og:description\" content=\"Claudine und Monique, unsere Expertinnen f\u00fcr Innenarchitektur, Jalousien, Vorh\u00e4nge und Paravents, stellen die am meisten nachgefragten Ausf\u00fchrungen von Gardinen und Vorh\u00e4ngen vor.\" \/>\n<meta property=\"og:url\" content=\"https:\/\/blog.d-b.lu\/de\/massgeschneiderte-vorhaenge-und-gardinen-die-tipps-unserer-experten\/\" \/>\n<meta property=\"og:site_name\" content=\"De Buedemle\u00ebr\" \/>\n<meta property=\"article:publisher\" content=\"https:\/\/www.facebook.com\/debuedemleer\/\" \/>\n<meta property=\"article:published_time\" content=\"2022-06-30T10:43:46+00:00\" \/>\n<meta property=\"article:modified_time\" content=\"2022-06-30T10:45:05+00:00\" \/>\n<meta property=\"og:image\" content=\"https:\/\/blog.d-b.lu\/wp-content\/uploads\/2022\/06\/thumbnail.jpg\" \/>\n\t<meta property=\"og:image:width\" content=\"400\" \/>\n\t<meta property=\"og:image:height\" content=\"400\" \/>\n\t<meta property=\"og:image:type\" content=\"image\/jpeg\" \/>\n<meta name=\"author\" content=\"BuedemleerAdmin\" \/>\n<meta name=\"twitter:card\" content=\"summary_large_image\" \/>\n<meta name=\"twitter:label1\" content=\"Verfasst von\" \/>\n\t<meta name=\"twitter:data1\" content=\"BuedemleerAdmin\" \/>\n\t<meta name=\"twitter:label2\" content=\"Gesch\u00e4tzte Lesezeit\" \/>\n\t<meta name=\"twitter:data2\" content=\"7\u00a0Minuten\" \/>\n<script type=\"application\/ld+json\" class=\"yoast-schema-graph\">{\"@context\":\"https:\/\/schema.org\",\"@graph\":[{\"@type\":\"WebPage\",\"@id\":\"https:\/\/blog.d-b.lu\/de\/massgeschneiderte-vorhaenge-und-gardinen-die-tipps-unserer-experten\/\",\"url\":\"https:\/\/blog.d-b.lu\/de\/massgeschneiderte-vorhaenge-und-gardinen-die-tipps-unserer-experten\/\",\"name\":\"Ma\u00dfgeschneiderte Vorh\u00e4nge und Gardinen: die Tipps unserer Experten | de Buedemle\u00ebr\",\"isPartOf\":{\"@id\":\"https:\/\/blog.d-b.lu\/#website\"},\"datePublished\":\"2022-06-30T10:43:46+00:00\",\"dateModified\":\"2022-06-30T10:45:05+00:00\",\"author\":{\"@id\":\"https:\/\/blog.d-b.lu\/#\/schema\/person\/87e3c348bf60fdd220c5e87a2fd85951\"},\"description\":\"Claudine und Monique, unsere Expertinnen f\u00fcr Innenarchitektur, Jalousien, Vorh\u00e4nge und Paravents, stellen die am meisten nachgefragten Ausf\u00fchrungen von Gardinen und Vorh\u00e4ngen vor.\",\"breadcrumb\":{\"@id\":\"https:\/\/blog.d-b.lu\/de\/massgeschneiderte-vorhaenge-und-gardinen-die-tipps-unserer-experten\/#breadcrumb\"},\"inLanguage\":\"de\",\"potentialAction\":[{\"@type\":\"ReadAction\",\"target\":[\"https:\/\/blog.d-b.lu\/de\/massgeschneiderte-vorhaenge-und-gardinen-die-tipps-unserer-experten\/\"]}]},{\"@type\":\"BreadcrumbList\",\"@id\":\"https:\/\/blog.d-b.lu\/de\/massgeschneiderte-vorhaenge-und-gardinen-die-tipps-unserer-experten\/#breadcrumb\",\"itemListElement\":[{\"@type\":\"ListItem\",\"position\":1,\"name\":\"de Buedemle\u00ebr\",\"item\":\"https:\/\/blog.d-b.lu\/de\/\"},{\"@type\":\"ListItem\",\"position\":2,\"name\":\"Ma\u00dfgeschneiderte Vorh\u00e4nge und Gardinen: die Tipps unserer Experten\"}]},{\"@type\":\"WebSite\",\"@id\":\"https:\/\/blog.d-b.lu\/#website\",\"url\":\"https:\/\/blog.d-b.lu\/\",\"name\":\"De Buedemle\u00ebr\",\"description\":\"\",\"inLanguage\":\"de\"},{\"@type\":\"Person\",\"@id\":\"https:\/\/blog.d-b.lu\/#\/schema\/person\/87e3c348bf60fdd220c5e87a2fd85951\",\"name\":\"BuedemleerAdmin\",\"sameAs\":[\"http:\/\/blog.d-b.lu\"]}]}<\/script>\n<!-- \/ Yoast SEO plugin. -->","yoast_head_json":{"title":"Ma\u00dfgeschneiderte Vorh\u00e4nge und Gardinen: die Tipps unserer Experten | de Buedemle\u00ebr","description":"Claudine und Monique, unsere Expertinnen f\u00fcr Innenarchitektur, Jalousien, Vorh\u00e4nge und Paravents, stellen die am meisten nachgefragten Ausf\u00fchrungen von Gardinen und Vorh\u00e4ngen vor.","robots":{"index":"index","follow":"follow","max-snippet":"max-snippet:-1","max-image-preview":"max-image-preview:large","max-video-preview":"max-video-preview:-1"},"canonical":"https:\/\/blog.d-b.lu\/de\/massgeschneiderte-vorhaenge-und-gardinen-die-tipps-unserer-experten\/","og_locale":"de_DE","og_type":"article","og_title":"Ma\u00dfgeschneiderte Vorh\u00e4nge und Gardinen: die Tipps unserer Experten | de Buedemle\u00ebr","og_description":"Claudine und Monique, unsere Expertinnen f\u00fcr Innenarchitektur, Jalousien, Vorh\u00e4nge und Paravents, stellen die am meisten nachgefragten Ausf\u00fchrungen von Gardinen und Vorh\u00e4ngen vor.","og_url":"https:\/\/blog.d-b.lu\/de\/massgeschneiderte-vorhaenge-und-gardinen-die-tipps-unserer-experten\/","og_site_name":"De Buedemle\u00ebr","article_publisher":"https:\/\/www.facebook.com\/debuedemleer\/","article_published_time":"2022-06-30T10:43:46+00:00","article_modified_time":"2022-06-30T10:45:05+00:00","og_image":[{"width":400,"height":400,"url":"https:\/\/blog.d-b.lu\/wp-content\/uploads\/2022\/06\/thumbnail.jpg","type":"image\/jpeg"}],"author":"BuedemleerAdmin","twitter_card":"summary_large_image","twitter_misc":{"Verfasst von":"BuedemleerAdmin","Gesch\u00e4tzte Lesezeit":"7\u00a0Minuten"},"schema":{"@context":"https:\/\/schema.org","@graph":[{"@type":"WebPage","@id":"https:\/\/blog.d-b.lu\/de\/massgeschneiderte-vorhaenge-und-gardinen-die-tipps-unserer-experten\/","url":"https:\/\/blog.d-b.lu\/de\/massgeschneiderte-vorhaenge-und-gardinen-die-tipps-unserer-experten\/","name":"Ma\u00dfgeschneiderte Vorh\u00e4nge und Gardinen: die Tipps unserer Experten | de Buedemle\u00ebr","isPartOf":{"@id":"https:\/\/blog.d-b.lu\/#website"},"datePublished":"2022-06-30T10:43:46+00:00","dateModified":"2022-06-30T10:45:05+00:00","author":{"@id":"https:\/\/blog.d-b.lu\/#\/schema\/person\/87e3c348bf60fdd220c5e87a2fd85951"},"description":"Claudine und Monique, unsere Expertinnen f\u00fcr Innenarchitektur, Jalousien, Vorh\u00e4nge und Paravents, stellen die am meisten nachgefragten Ausf\u00fchrungen von Gardinen und Vorh\u00e4ngen vor.","breadcrumb":{"@id":"https:\/\/blog.d-b.lu\/de\/massgeschneiderte-vorhaenge-und-gardinen-die-tipps-unserer-experten\/#breadcrumb"},"inLanguage":"de","potentialAction":[{"@type":"ReadAction","target":["https:\/\/blog.d-b.lu\/de\/massgeschneiderte-vorhaenge-und-gardinen-die-tipps-unserer-experten\/"]}]},{"@type":"BreadcrumbList","@id":"https:\/\/blog.d-b.lu\/de\/massgeschneiderte-vorhaenge-und-gardinen-die-tipps-unserer-experten\/#breadcrumb","itemListElement":[{"@type":"ListItem","position":1,"name":"de Buedemle\u00ebr","item":"https:\/\/blog.d-b.lu\/de\/"},{"@type":"ListItem","position":2,"name":"Ma\u00dfgeschneiderte Vorh\u00e4nge und Gardinen: die Tipps unserer Experten"}]},{"@type":"WebSite","@id":"https:\/\/blog.d-b.lu\/#website","url":"https:\/\/blog.d-b.lu\/","name":"De Buedemle\u00ebr","description":"","inLanguage":"de"},{"@type":"Person","@id":"https:\/\/blog.d-b.lu\/#\/schema\/person\/87e3c348bf60fdd220c5e87a2fd85951","name":"BuedemleerAdmin","sameAs":["http:\/\/blog.d-b.lu"]}]}},"_links":{"self":[{"href":"https:\/\/blog.d-b.lu\/de\/wp-json\/wp\/v2\/posts\/579","targetHints":{"allow":["GET"]}}],"collection":[{"href":"https:\/\/blog.d-b.lu\/de\/wp-json\/wp\/v2\/posts"}],"about":[{"href":"https:\/\/blog.d-b.lu\/de\/wp-json\/wp\/v2\/types\/post"}],"author":[{"embeddable":true,"href":"https:\/\/blog.d-b.lu\/de\/wp-json\/wp\/v2\/users\/1"}],"replies":[{"embeddable":true,"href":"https:\/\/blog.d-b.lu\/de\/wp-json\/wp\/v2\/comments?post=579"}],"version-history":[{"count":2,"href":"https:\/\/blog.d-b.lu\/de\/wp-json\/wp\/v2\/posts\/579\/revisions"}],"predecessor-version":[{"id":625,"href":"https:\/\/blog.d-b.lu\/de\/wp-json\/wp\/v2\/posts\/579\/revisions\/625"}],"wp:featuredmedia":[{"embeddable":true,"href":"https:\/\/blog.d-b.lu\/de\/wp-json\/wp\/v2\/media\/613"}],"wp:attachment":[{"href":"https:\/\/blog.d-b.lu\/de\/wp-json\/wp\/v2\/media?parent=579"}],"wp:term":[{"taxonomy":"category","embeddable":true,"href":"https:\/\/blog.d-b.lu\/de\/wp-json\/wp\/v2\/categories?post=579"},{"taxonomy":"post_tag","embeddable":true,"href":"https:\/\/blog.d-b.lu\/de\/wp-json\/wp\/v2\/tags?post=579"}],"curies":[{"name":"wp","href":"https:\/\/api.w.org\/{rel}","templated":true}]}}